{"id":1300,"date":"2015-08-25T17:00:48","date_gmt":"2015-08-25T14:00:48","guid":{"rendered":"http:\/\/www.klanghelsinki.fi\/?p=1300"},"modified":"2016-05-18T22:43:29","modified_gmt":"2016-05-18T19:43:29","slug":"lieder-ohne-worte","status":"publish","type":"post","link":"http:\/\/www.klanghelsinki.fi\/?p=1300","title":{"rendered":"Lieder ohne Worte"},"content":{"rendered":"<p>Klang-sarjan kev\u00e4\u00e4n ensimm\u00e4inen konsertti esittelee kahden 1970 syntyneen s\u00e4velt\u00e4j\u00e4n, <em>Lotta Wenn\u00e4kosken<\/em> ja <em>Riikka Talvitien<\/em> musiikkia, jota tulkitsee 12-henkinen <em>Zagros<\/em> johtajanaan <em>Petri Komulainen<\/em>. Nostalgialla tarkoitetaan yleens\u00e4 mennytt\u00e4 kohtaan tunnettua kaihoa, ja samaan viittaa my\u00f6s Wenn\u00e4kosken <em>Nosztalgiaimin<\/em> otsikko (unkariksi &#8220;minun nostalgiani&#8221;). Nosztalgiaimin pohjana on kaksi unkarilaista kansanlaulua, joista kappaleen koko materiaali on per\u00e4isin. Ensimm\u00e4isen melodian (\u00c9desany\u00e1m) jankkaavaa itsepintaisuutta s\u00e4velt\u00e4j\u00e4 korosti py\u00f6riv\u00e4ll\u00e4 kampiliiramaisella s\u00e4estyksell\u00e4 alkujaksossa. Sen j\u00e4lkeen sama aihe jatkaa hitaampana ja melankolisempana. Toisesta laulusta (Amott egy kis patak) rakentuvat niin pys\u00e4htyneen hidas v\u00e4liosa kuin reippaampi p\u00e4\u00e4t\u00f6sosakin, johon tuli mukaan unkarilaisuuteen kuuluvaa h\u00e4peilem\u00e4tt\u00f6myytt\u00e4. Kantaesityksen\u00e4 kuullaan Talvitien <em>Lieder ohne Worte<\/em>, joka on otsikonmukaisesti musiikkia, josta on j\u00e4tetty sanat pois. Kappaleet ovat ik\u00e4\u00e4n kuin sovituksia s\u00e4velt\u00e4j\u00e4n kuoro- ja vokaaliteoksista. Talvitie on antanut itselleen t\u00e4ydet vapaudet kadottaa musiikin alkuper\u00e4 ja antanut orkestraation vied\u00e4 ideoita uuteen suuntaan. Miten musiikki muuttuu, kun sanat eiv\u00e4t en\u00e4\u00e4 ole kertomassa tarinaa? <\/p>\n<p><em>Lotta Wenn\u00e4koski (1970-):<\/em> Nosztalgiaim (2007)<br \/>\n<em>Riikka Talvitie (1970-):<\/em> Lieder ohne Worte III-VII (2015, kantaesitys) <\/p>\n<p>Liput toimituskuluineen 17,5 \/ 11,5 \/ 6,5 \u20ac Lippupalvelusta tai 15 \/ 10 \/ 5 \u20ac Musiikkitalon lipunmyynnist\u00e4.<\/p>\n<p>Konsertti radioidaan Yle Radio 1:ss\u00e4.<\/p>\n<p><iframe loading=\"lazy\" width=\"400\" height=\"225\" src=\"https:\/\/www.youtube.com\/embed\/S3esdSV1r4k\" frameborder=\"0\" allowfullscreen><\/iframe><\/p>\n<p><a href=\"http:\/\/www.zagros.fi\/\" target=\"_blank\">Zagrosin verkkosivut<\/a><\/p>\n","protected":false},"excerpt":{"rendered":"<p>Zagros \/ Petri Komulainen, kapellimestari<\/p>\n","protected":false},"author":1,"featured_media":0,"comment_status":"closed","ping_status":"open","sticky":false,"template":"","format":"standard","meta":{"footnotes":""},"categories":[9],"tags":[],"class_list":["post-1300","post","type-post","status-publish","format-standard","hentry","category-9"],"_links":{"self":[{"href":"http:\/\/www.klanghelsinki.fi\/index.php?rest_route=\/wp\/v2\/posts\/1300","targetHints":{"allow":["GET"]}}],"collection":[{"href":"http:\/\/www.klanghelsinki.fi\/index.php?rest_route=\/wp\/v2\/posts"}],"about":[{"href":"http:\/\/www.klanghelsinki.fi\/index.php?rest_route=\/wp\/v2\/types\/post"}],"author":[{"embeddable":true,"href":"http:\/\/www.klanghelsinki.fi\/index.php?rest_route=\/wp\/v2\/users\/1"}],"replies":[{"embeddable":true,"href":"http:\/\/www.klanghelsinki.fi\/index.php?rest_route=%2Fwp%2Fv2%2Fcomments&post=1300"}],"version-history":[{"count":22,"href":"http:\/\/www.klanghelsinki.fi\/index.php?rest_route=\/wp\/v2\/posts\/1300\/revisions"}],"predecessor-version":[{"id":1377,"href":"http:\/\/www.klanghelsinki.fi\/index.php?rest_route=\/wp\/v2\/posts\/1300\/revisions\/1377"}],"wp:attachment":[{"href":"http:\/\/www.klanghelsinki.fi\/index.php?rest_route=%2Fwp%2Fv2%2Fmedia&parent=1300"}],"wp:term":[{"taxonomy":"category","embeddable":true,"href":"http:\/\/www.klanghelsinki.fi\/index.php?rest_route=%2Fwp%2Fv2%2Fcategories&post=1300"},{"taxonomy":"post_tag","embeddable":true,"href":"http:\/\/www.klanghelsinki.fi\/index.php?rest_route=%2Fwp%2Fv2%2Ftags&post=1300"}],"curies":[{"name":"wp","href":"https:\/\/api.w.org\/{rel}","templated":true}]}}