{"id":1302,"date":"2015-08-25T16:59:20","date_gmt":"2015-08-25T13:59:20","guid":{"rendered":"http:\/\/www.klanghelsinki.fi\/?p=1302"},"modified":"2016-05-18T22:43:31","modified_gmt":"2016-05-18T19:43:31","slug":"partendo","status":"publish","type":"post","link":"http:\/\/www.klanghelsinki.fi\/?p=1302","title":{"rendered":"Partendo"},"content":{"rendered":"<p><em>Uusinta Ensemble<br \/>\nDaniel Gloger, kontratenori<br \/>\nMax Savikangas, alttoviulu<br \/>\nJ\u00f3zsef H\u00e1rs, kapellimestari<\/em><\/p>\n<p>Uusinta Ensemble on tilannut Oscar Bianchilta (IT\/CH) teoksen kontratenorille ja ensemblelle (9 muusikkoa) yhdess\u00e4 kahden muun tilaajan kanssa (Nouvel Ensemble Contemporain (CH) ja Studio for New Music (RU)). Teoksen Suomen ensi-esityksen solistina kanssamme esiintyy Neue Vocalsolisten Stuttgartin (DE) kontratenori Daniel Gloger (DE).<\/p>\n<p>Uusinta Ensemblen toinen tilaus, Max Savikankaan kamarikonsertto Azonal (2015-16) alttoviululle ja ensemblelle (12 muusikkoa), saa konsertissa kantaesityksens\u00e4 s\u00e4velt\u00e4j\u00e4n esiintyess\u00e4 solistina.<\/p>\n<p><em>Oscar Bianchi:<\/em> Docile Ascesa<br \/>\n<em>Oscar Bianchi:<\/em> Zaffiro<br \/>\n<em>Max Savikangas (FI):<\/em> Azonal (Uusinta Ensemblen tilaus, ke.)<br \/>\n<em>Oscar Bianchi:<\/em> Partendo (Uusinta Ensemblen yhteistilaus, e.k. Suomessa)<\/p>\n<p>Liput toimituskuluineen 17,5 \/ 11,5 \/ 6,5 \u20ac Lippupalvelusta tai 15 \/ 10 \/ 5 \u20ac Musiikkitalon lipunmyynnist\u00e4.<\/p>\n<p>Konsertti radioidaan Yle Radio 1:ss\u00e4.<\/p>\n<p><a href=\"http:\/\/uusintaensemble.fi\/\" target=\"_blank\">Uusinta Ensemblen verkkosivut<\/a><\/p>\n<p><em>Konserttia tukee:<\/em><\/p>\n<p><a href=\"http:\/\/www.goethe.de\/ins\/fi\/hel\/fiindex.htm\"><img loading=\"lazy\" decoding=\"async\" class=\"alignnone  wp-image-948\" alt=\"GI_Logo_inkl_Claim_horizontal_green_PMS_Coated-GREY-600\" src=\"http:\/\/www.klanghelsinki.fi\/wp-content\/uploads\/2013\/05\/GI_Logo_inkl_Claim_horizontal_green_PMS_Coated-GREY-600.jpg\" width=\"420\" height=\"196\" srcset=\"http:\/\/www.klanghelsinki.fi\/wp-content\/uploads\/2013\/05\/GI_Logo_inkl_Claim_horizontal_green_PMS_Coated-GREY-600.jpg 600w, http:\/\/www.klanghelsinki.fi\/wp-content\/uploads\/2013\/05\/GI_Logo_inkl_Claim_horizontal_green_PMS_Coated-GREY-600-300x140.jpg 300w\" sizes=\"auto, (max-width: 420px) 100vw, 420px\" \/><\/a><\/p>\n","protected":false},"excerpt":{"rendered":"<p>Uusinta Ensemble \/ Daniel Gloger, kontratenori<\/p>\n","protected":false},"author":1,"featured_media":0,"comment_status":"closed","ping_status":"open","sticky":false,"template":"","format":"standard","meta":{"footnotes":""},"categories":[9],"tags":[],"class_list":["post-1302","post","type-post","status-publish","format-standard","hentry","category-9"],"_links":{"self":[{"href":"http:\/\/www.klanghelsinki.fi\/index.php?rest_route=\/wp\/v2\/posts\/1302","targetHints":{"allow":["GET"]}}],"collection":[{"href":"http:\/\/www.klanghelsinki.fi\/index.php?rest_route=\/wp\/v2\/posts"}],"about":[{"href":"http:\/\/www.klanghelsinki.fi\/index.php?rest_route=\/wp\/v2\/types\/post"}],"author":[{"embeddable":true,"href":"http:\/\/www.klanghelsinki.fi\/index.php?rest_route=\/wp\/v2\/users\/1"}],"replies":[{"embeddable":true,"href":"http:\/\/www.klanghelsinki.fi\/index.php?rest_route=%2Fwp%2Fv2%2Fcomments&post=1302"}],"version-history":[{"count":31,"href":"http:\/\/www.klanghelsinki.fi\/index.php?rest_route=\/wp\/v2\/posts\/1302\/revisions"}],"predecessor-version":[{"id":1378,"href":"http:\/\/www.klanghelsinki.fi\/index.php?rest_route=\/wp\/v2\/posts\/1302\/revisions\/1378"}],"wp:attachment":[{"href":"http:\/\/www.klanghelsinki.fi\/index.php?rest_route=%2Fwp%2Fv2%2Fmedia&parent=1302"}],"wp:term":[{"taxonomy":"category","embeddable":true,"href":"http:\/\/www.klanghelsinki.fi\/index.php?rest_route=%2Fwp%2Fv2%2Fcategories&post=1302"},{"taxonomy":"post_tag","embeddable":true,"href":"http:\/\/www.klanghelsinki.fi\/index.php?rest_route=%2Fwp%2Fv2%2Ftags&post=1302"}],"curies":[{"name":"wp","href":"https:\/\/api.w.org\/{rel}","templated":true}]}}