{"id":1909,"date":"2020-08-25T08:50:00","date_gmt":"2020-08-25T05:50:00","guid":{"rendered":"http:\/\/www.klanghelsinki.fi\/?p=1909"},"modified":"2022-06-06T12:58:13","modified_gmt":"2022-06-06T09:58:13","slug":"jaahyvaiset","status":"publish","type":"post","link":"http:\/\/www.klanghelsinki.fi\/?p=1909","title":{"rendered":"J\u00e4\u00e4hyv\u00e4iset"},"content":{"rendered":"\n\n\n\n\n<ul class=\"wp-block-list\"><li>Tapio Tuomela: Adieux (ekS) 16\u2019<\/li><li>Juhani Vesikkala: Plainte (ke) 5\u2019<\/li><li>Perttu Haapanen: Kodecs\/Codecs (sekakuoroversion kantaesitys) 25\u2019<\/li><\/ul>\n\n\n\n<p>J\u00e4\u00e4hyv\u00e4iset el\u00e4m\u00e4lle, j\u00e4\u00e4hyv\u00e4iset edesmenneille, j\u00e4\u00e4hyv\u00e4iset vanhalle kest\u00e4m\u00e4tt\u00f6m\u00e4lle el\u00e4m\u00e4ntavalle. Suomalaiss\u00e4velt\u00e4jien teokset peilaavat laajaa tematiikkaa sodan uhreista ilmastonmuutokseen.<\/p>\n\n\n\n<p>Tapio Tuomelan teos on Helsingin kamarikuoron, Musicatreize-kuoron ja ammattikuoroverkosto Tenson tilaus, joka saa nyt Suomen ensiesityksens\u00e4. Perttu Haapasen teos alunperin naiskuorolle, elektroniikalle ja videolle kuullaan puolestaan ensimm\u00e4ist\u00e4 kertaa sekakuoroversiona. Illan t\u00e4ydent\u00e4\u00e4 kantaesitys Helsingin kamarikuoron riveist\u00e4kin tutun Juhani Vesikkalan kyn\u00e4st\u00e4. Virtuoottinen teos ammentaa 1600-luvun j\u00e4\u00e4hyv\u00e4ishenkisest\u00e4 luuttumusiikista. Konsertin johtaa monipuolinen kapellimestari ja laulaja Jutta Seppinen.<\/p>\n\n\n\n<p>Liput: 10 euroa&nbsp;<a href=\"https:\/\/www.ticketmaster.fi\/event\/286839\" target=\"_blank\" rel=\"noreferrer noopener\" aria-label=\"Ticketmasterista (opens in a new tab)\">Ticketmasterista<\/a> ja 8,50 euroa&nbsp;Musiikkitalon lipunmyynnist\u00e4.<br><\/p>\n\n\n\n<p>Konsertin kesto noin 50 minuuttia.&nbsp;Turvallisuuteen satsataan erityisesti. Lippuja on myynniss\u00e4 vain rajattu m\u00e4\u00e4r\u00e4. Esiintyj\u00e4t ja yleis\u00f6 pit\u00e4v\u00e4t turvav\u00e4lej\u00e4 perustuen tutkimustietoon kuoroesitysten turvallisuudesta ja yleis\u00f6\u00e4 pyydet\u00e4\u00e4n k\u00e4ytt\u00e4m\u00e4\u00e4n kasvomaskeja.<\/p>\n\n\n\n\n","protected":false},"excerpt":{"rendered":"<p> Helsingin kamarikuoro<br \/>\nJutta Seppinen, johtaja<\/p>\n","protected":false},"author":1,"featured_media":0,"comment_status":"closed","ping_status":"open","sticky":false,"template":"","format":"standard","meta":{"footnotes":""},"categories":[17],"tags":[],"class_list":["post-1909","post","type-post","status-publish","format-standard","hentry","category-2020-2021-2"],"_links":{"self":[{"href":"http:\/\/www.klanghelsinki.fi\/index.php?rest_route=\/wp\/v2\/posts\/1909","targetHints":{"allow":["GET"]}}],"collection":[{"href":"http:\/\/www.klanghelsinki.fi\/index.php?rest_route=\/wp\/v2\/posts"}],"about":[{"href":"http:\/\/www.klanghelsinki.fi\/index.php?rest_route=\/wp\/v2\/types\/post"}],"author":[{"embeddable":true,"href":"http:\/\/www.klanghelsinki.fi\/index.php?rest_route=\/wp\/v2\/users\/1"}],"replies":[{"embeddable":true,"href":"http:\/\/www.klanghelsinki.fi\/index.php?rest_route=%2Fwp%2Fv2%2Fcomments&post=1909"}],"version-history":[{"count":7,"href":"http:\/\/www.klanghelsinki.fi\/index.php?rest_route=\/wp\/v2\/posts\/1909\/revisions"}],"predecessor-version":[{"id":2085,"href":"http:\/\/www.klanghelsinki.fi\/index.php?rest_route=\/wp\/v2\/posts\/1909\/revisions\/2085"}],"wp:attachment":[{"href":"http:\/\/www.klanghelsinki.fi\/index.php?rest_route=%2Fwp%2Fv2%2Fmedia&parent=1909"}],"wp:term":[{"taxonomy":"category","embeddable":true,"href":"http:\/\/www.klanghelsinki.fi\/index.php?rest_route=%2Fwp%2Fv2%2Fcategories&post=1909"},{"taxonomy":"post_tag","embeddable":true,"href":"http:\/\/www.klanghelsinki.fi\/index.php?rest_route=%2Fwp%2Fv2%2Ftags&post=1909"}],"curies":[{"name":"wp","href":"https:\/\/api.w.org\/{rel}","templated":true}]}}