{"id":782,"date":"2013-05-07T00:30:13","date_gmt":"2013-05-06T21:30:13","guid":{"rendered":"http:\/\/www.klanghelsinki.fi\/?p=782"},"modified":"2013-12-13T12:51:39","modified_gmt":"2013-12-13T10:51:39","slug":"rain-songs","status":"publish","type":"post","link":"http:\/\/www.klanghelsinki.fi\/?p=782","title":{"rendered":"Rain Songs"},"content":{"rendered":"<p>Vesi, sade ja sumu kuljettavat konserttia, jossa kuulemme Uusinta-kamariyhtyeen vierailijana espanjalaisen Ensemble Espai Sonorin ensimm\u00e4ist\u00e4 kertaa Suomessa. Valencialainen yhtye esitt\u00e4\u00e4 Espanjan kansainv\u00e4lisesti kysytyimm\u00e4n nuoren s\u00e4velt\u00e4j\u00e4n H\u00e8ctor Parran teoksia, Uusinnan esitt\u00e4ess\u00e4 kovassa ulkomaisessa nosteessa olevan Perttu Haapasen viimeaikaista kamarimusiikkia. Yhtyeiden yhteisnumerona kuulemme molemmissa maissa asuvan, elektroniseen musiikkiin erikoistuneen Josu\u00e9 Morenon kantaesityksen molemmille kokoonpanoille sek\u00e4 elektroniikalle.<\/p>\n<p><em>H\u00e8ctor Parra:<\/em> Chymisch (2005)<br \/>\n<em>Perttu Haapanen:<\/em> Las hojas de nubes<br \/>\n<em>H\u00e8ctor Parra:<\/em> tr\u00edo n\u00ba1 \u201cWortschatten\u201d (2004)<br \/>\n<em>Josu\u00e9 Moreno:<\/em> I&#8217;m sitting in the rain (2013)<br \/>\n<em>Perttu Haapanen:<\/em> Rain Songs (2011)<br \/>\n<em>H\u00e8ctor Parra:<\/em> Vestigios (2005)<\/p>\n<blockquote><p>Liput 15\/10\/5\u20ac Musiikkitalon lipunmyyntipisteest\u00e4 tai Lippupisteest\u00e4 (lis\u00e4ksi Lippupisteen palvelumaksu 1,5\u20132,5\u20ac).<\/p><\/blockquote>\n<p><a title=\"www.uusinta.com\" href=\"http:\/\/www.uusinta.com\" target=\"_blank\">Uusinta-kamariyhtyeen verkkosivut<\/a><\/p>\n<p>Konserttia tukee:<br \/>\n<a href=\"http:\/\/www.exteriores.gob.es\/embajadas\/helsinki\/es\/Paginas\/inicio.aspx\"><img loading=\"lazy\" decoding=\"async\" class=\"alignnone size-medium wp-image-916\" alt=\"embajada finlandia\" src=\"http:\/\/www.klanghelsinki.fi\/wp-content\/uploads\/2013\/05\/embajada-finlandia-300x61.jpg\" width=\"300\" height=\"61\" srcset=\"http:\/\/www.klanghelsinki.fi\/wp-content\/uploads\/2013\/05\/embajada-finlandia-300x61.jpg 300w, http:\/\/www.klanghelsinki.fi\/wp-content\/uploads\/2013\/05\/embajada-finlandia.jpg 591w\" sizes=\"auto, (max-width: 300px) 100vw, 300px\" \/><\/a><\/p>\n<p><a href=\"http:\/\/www.mcu.es\/artesEscenicas\/\"><img loading=\"lazy\" decoding=\"async\" class=\"alignnone  wp-image-905\" alt=\"INAEM 02 CAJETIN ROJO\" src=\"http:\/\/www.klanghelsinki.fi\/wp-content\/uploads\/2013\/05\/INAEM-02-CAJETIN-ROJO-1024x151.jpg\" width=\"387\" height=\"58\" srcset=\"http:\/\/www.klanghelsinki.fi\/wp-content\/uploads\/2013\/05\/INAEM-02-CAJETIN-ROJO-1024x151.jpg 1024w, http:\/\/www.klanghelsinki.fi\/wp-content\/uploads\/2013\/05\/INAEM-02-CAJETIN-ROJO-300x44.jpg 300w, http:\/\/www.klanghelsinki.fi\/wp-content\/uploads\/2013\/05\/INAEM-02-CAJETIN-ROJO.jpg 1200w\" sizes=\"auto, (max-width: 387px) 100vw, 387px\" \/><\/a><\/p>\n","protected":false},"excerpt":{"rendered":"<p>Uusinta-kamariyhtye \/ Ensemble Espai Sonor \/ joht. Voro Garcia<\/p>\n","protected":false},"author":1,"featured_media":0,"comment_status":"closed","ping_status":"open","sticky":false,"template":"","format":"standard","meta":{"footnotes":""},"categories":[6],"tags":[],"class_list":["post-782","post","type-post","status-publish","format-standard","hentry","category-6"],"_links":{"self":[{"href":"http:\/\/www.klanghelsinki.fi\/index.php?rest_route=\/wp\/v2\/posts\/782","targetHints":{"allow":["GET"]}}],"collection":[{"href":"http:\/\/www.klanghelsinki.fi\/index.php?rest_route=\/wp\/v2\/posts"}],"about":[{"href":"http:\/\/www.klanghelsinki.fi\/index.php?rest_route=\/wp\/v2\/types\/post"}],"author":[{"embeddable":true,"href":"http:\/\/www.klanghelsinki.fi\/index.php?rest_route=\/wp\/v2\/users\/1"}],"replies":[{"embeddable":true,"href":"http:\/\/www.klanghelsinki.fi\/index.php?rest_route=%2Fwp%2Fv2%2Fcomments&post=782"}],"version-history":[{"count":26,"href":"http:\/\/www.klanghelsinki.fi\/index.php?rest_route=\/wp\/v2\/posts\/782\/revisions"}],"predecessor-version":[{"id":977,"href":"http:\/\/www.klanghelsinki.fi\/index.php?rest_route=\/wp\/v2\/posts\/782\/revisions\/977"}],"wp:attachment":[{"href":"http:\/\/www.klanghelsinki.fi\/index.php?rest_route=%2Fwp%2Fv2%2Fmedia&parent=782"}],"wp:term":[{"taxonomy":"category","embeddable":true,"href":"http:\/\/www.klanghelsinki.fi\/index.php?rest_route=%2Fwp%2Fv2%2Fcategories&post=782"},{"taxonomy":"post_tag","embeddable":true,"href":"http:\/\/www.klanghelsinki.fi\/index.php?rest_route=%2Fwp%2Fv2%2Ftags&post=782"}],"curies":[{"name":"wp","href":"https:\/\/api.w.org\/{rel}","templated":true}]}}